{"id":19180,"date":"2026-04-27T18:17:33","date_gmt":"2026-04-27T15:17:33","guid":{"rendered":"https:\/\/sateenkaarihistoria.fi\/?p=19180"},"modified":"2026-04-28T07:23:26","modified_gmt":"2026-04-28T04:23:26","slug":"kampanj-for-att-radda-queerhistoriens-vanners-webbplats","status":"publish","type":"post","link":"https:\/\/sateenkaarihistoria.fi\/sv\/kampanj-for-att-radda-queerhistoriens-vanners-webbplats\/","title":{"rendered":"Kampanj f\u00f6r att r\u00e4dda Queerhistoriens v\u00e4nners webbplats"},"content":{"rendered":"\n<p><\/p>\n\n\n\n<p>F\u00f6reningen Queerhistoriens v\u00e4nner rf tilldelades \u00e5r 2024 statspriset f\u00f6r informationsspridning, till stor del tack vare sin unika webbplats sateenkaarihistoria.fi, som publiceras p\u00e5 finska, svenska och engelska. Webbplatsen \u00e4r den enda platsen som samlar \u00e4mnen, material, forskning och publikationer om lokal regnb\u00e5gshistoria p\u00e5 ett och samma st\u00e4lle och samtidigt ger ut en bred webbtidning om regnb\u00e5gshistoria. Vi underl\u00e4ttar inte bara f\u00f6r forskare utan \u00e4ven f\u00f6r HBTQI-gemenskapen att f\u00e5 tillg\u00e5ng till f\u00f6rst\u00e5elsen av sin egen historia.<\/p>\n\n\n\n<p>Webbplatsen b\u00f6rjade byggas \u00e5r 2020 med hj\u00e4lp av gratisprogram, eftersom den nybildade f\u00f6reningen inte hade r\u00e5d med n\u00e5got annat. Nu, sex \u00e5r senare, befinner vi oss i en situation d\u00e4r webbplatsen, som har vuxit under \u00e5rens lopp, beh\u00f6ver uppdateras i sin helhet f\u00f6r att s\u00e4kra dess framtid. Kompatibilitetsproblem orsakar tekniska problem och de prisbel\u00f6nta sidorna kraschar.<\/p>\n\n\n\n<p>M\u00e5let med kampanjen R\u00e4dda Queerhistoriens v\u00e4nners webbplats \u00e4r att samla in 10 000 \u20ac s\u00e5 att vi kan uppdatera webbplatsen till en b\u00e4ttre fungerande teknisk plattform. Om m\u00e5let \u00f6verskrids kommer vi att vidareutveckla webbplatsen s\u00e5 att den b\u00e4ttre tj\u00e4nar sina m\u00e5lgrupper.<\/p>\n\n\n\n<p><strong>Delta i kampanjen R\u00e4dda Queerhistoriens v\u00e4nners webbplats genom att donera pengar via <a href=\"https:\/\/lipas.seta.fi\/project\/sateenkaarihistorian-ystavat-ry?locale=sv\">den h\u00e4r l\u00e4nken<\/a>!<\/strong><br><br>Du kan ocks\u00e5 delta i kampanjen genom att till exempel dela kampanjmaterial, som finns p\u00e5 v\u00e5r webbplats, eller be dina n\u00e4ra och k\u00e4ra att donera.<\/p>\n\n\n\n<h2 class=\"wp-block-heading\">Kampanjmaterial<\/h2>\n\n\n\n<p>Du kan anv\u00e4nda kampanmaterial h\u00e4r nedan och p\u00e4 kampanjens <a href=\"https:\/\/sateenkaarihistoria.fi\/pelasta-shyn-verkkosivut-kampanja\/\">finska sida<\/a> fritt.<\/p>\n\n\n\n<figure class=\"wp-block-gallery has-nested-images columns-default is-cropped wp-block-gallery-1 is-layout-flex wp-block-gallery-is-layout-flex\">\n<figure class=\"wp-block-image size-full\"><img loading=\"lazy\" decoding=\"async\" width=\"2000\" height=\"2374\" data-id=\"19189\" src=\"https:\/\/sateenkaarihistoria.fi\/wp-content\/uploads\/2026\/04\/Kopio-SHY-Instagram-postauspohja-1.png\" alt=\"\" class=\"wp-image-19189\" srcset=\"https:\/\/sateenkaarihistoria.fi\/wp-content\/uploads\/2026\/04\/Kopio-SHY-Instagram-postauspohja-1.png 2000w, https:\/\/sateenkaarihistoria.fi\/wp-content\/uploads\/2026\/04\/Kopio-SHY-Instagram-postauspohja-1-842x1000.png 842w, https:\/\/sateenkaarihistoria.fi\/wp-content\/uploads\/2026\/04\/Kopio-SHY-Instagram-postauspohja-1-126x150.png 126w, https:\/\/sateenkaarihistoria.fi\/wp-content\/uploads\/2026\/04\/Kopio-SHY-Instagram-postauspohja-1-768x912.png 768w, https:\/\/sateenkaarihistoria.fi\/wp-content\/uploads\/2026\/04\/Kopio-SHY-Instagram-postauspohja-1-1294x1536.png 1294w, https:\/\/sateenkaarihistoria.fi\/wp-content\/uploads\/2026\/04\/Kopio-SHY-Instagram-postauspohja-1-1725x2048.png 1725w\" sizes=\"auto, (max-width: 2000px) 100vw, 2000px\" \/><\/figure>\n<\/figure>\n\n\n<style>.kb-row-layout-id19180_c77961-ae > .kt-row-column-wrap{align-content:start;}:where(.kb-row-layout-id19180_c77961-ae > .kt-row-column-wrap) > .wp-block-kadence-column{justify-content:start;}.kb-row-layout-id19180_c77961-ae > .kt-row-column-wrap{column-gap:var(--global-kb-gap-md, 2rem);row-gap:var(--global-kb-gap-md, 2rem);padding-top:var(--global-kb-spacing-sm, 1.5rem);padding-bottom:var(--global-kb-spacing-sm, 1.5rem);grid-template-columns:repeat(2, minmax(0, 1fr));}.kb-row-layout-id19180_c77961-ae > .kt-row-layout-overlay{opacity:0.30;}@media all and (max-width: 1024px){.kb-row-layout-id19180_c77961-ae > .kt-row-column-wrap{grid-template-columns:repeat(2, minmax(0, 1fr));}}@media all and (max-width: 767px){.kb-row-layout-id19180_c77961-ae > .kt-row-column-wrap{grid-template-columns:minmax(0, 1fr);}}<\/style><div class=\"kb-row-layout-wrap kb-row-layout-id19180_c77961-ae alignnone wp-block-kadence-rowlayout\"><div class=\"kt-row-column-wrap kt-has-2-columns kt-row-layout-equal kt-tab-layout-inherit kt-mobile-layout-row kt-row-valign-top\">\n<style>.kadence-column19180_cc0a8c-1d > .kt-inside-inner-col,.kadence-column19180_cc0a8c-1d > .kt-inside-inner-col:before{border-top-left-radius:0px;border-top-right-radius:0px;border-bottom-right-radius:0px;border-bottom-left-radius:0px;}.kadence-column19180_cc0a8c-1d > .kt-inside-inner-col{column-gap:var(--global-kb-gap-sm, 1rem);}.kadence-column19180_cc0a8c-1d > .kt-inside-inner-col{flex-direction:column;}.kadence-column19180_cc0a8c-1d > .kt-inside-inner-col > .aligncenter{width:100%;}.kadence-column19180_cc0a8c-1d > .kt-inside-inner-col:before{opacity:0.3;}.kadence-column19180_cc0a8c-1d{position:relative;}@media all and (max-width: 1024px){.kadence-column19180_cc0a8c-1d > .kt-inside-inner-col{flex-direction:column;justify-content:center;}}@media all and (max-width: 767px){.kadence-column19180_cc0a8c-1d > .kt-inside-inner-col{flex-direction:column;justify-content:center;}}<\/style>\n<div class=\"wp-block-kadence-column kadence-column19180_cc0a8c-1d\"><div class=\"kt-inside-inner-col\">\n<p><strong>Edward Westermarck<\/strong> (1862\u20131939)<\/p>\n\n\n\n<p><em>Den finska sociologins fader, en internationellt uppkopplad k\u00e4mpe f\u00f6r homosexuellas r\u00e4ttigheter och mot kriminalisering.<\/em><\/p>\n\n\n\n<p>Bild: Oy Uolevi, Museiverket, Historiska bildsamlingarna<br><\/p>\n\n\n\n<p><br><\/p>\n<\/div><\/div>\n\n\n<style>.kadence-column19180_7ba21b-97 > .kt-inside-inner-col,.kadence-column19180_7ba21b-97 > .kt-inside-inner-col:before{border-top-left-radius:0px;border-top-right-radius:0px;border-bottom-right-radius:0px;border-bottom-left-radius:0px;}.kadence-column19180_7ba21b-97 > .kt-inside-inner-col{column-gap:var(--global-kb-gap-sm, 1rem);}.kadence-column19180_7ba21b-97 > .kt-inside-inner-col{flex-direction:column;}.kadence-column19180_7ba21b-97 > .kt-inside-inner-col > .aligncenter{width:100%;}.kadence-column19180_7ba21b-97 > .kt-inside-inner-col:before{opacity:0.3;}.kadence-column19180_7ba21b-97{position:relative;}@media all and (max-width: 1024px){.kadence-column19180_7ba21b-97 > .kt-inside-inner-col{flex-direction:column;justify-content:center;}}@media all and (max-width: 767px){.kadence-column19180_7ba21b-97 > .kt-inside-inner-col{flex-direction:column;justify-content:center;}}<\/style>\n<div class=\"wp-block-kadence-column kadence-column19180_7ba21b-97\"><div class=\"kt-inside-inner-col\"><\/div><\/div>\n\n<\/div><\/div>","protected":false},"excerpt":{"rendered":"<p>M\u00e5let med kampanjen R\u00e4dda Queerhistoriens v\u00e4nners webbplats \u00e4r att samla in 10 000 \u20ac s\u00e5 att vi kan uppdatera webbplatsen till en b\u00e4ttre fungerande teknisk plattform.<\/p>\n","protected":false},"author":27,"featured_media":1602,"comment_status":"closed","ping_status":"open","sticky":false,"template":"","format":"standard","meta":{"_kad_blocks_custom_css":"","_kad_blocks_head_custom_js":"","_kad_blocks_body_custom_js":"","_kad_blocks_footer_custom_js":"","neve_meta_sidebar":"","neve_meta_container":"","neve_meta_enable_content_width":"","neve_meta_content_width":0,"neve_meta_title_alignment":"","neve_meta_author_avatar":"","neve_post_elements_order":"","neve_meta_disable_header":"","neve_meta_disable_footer":"","neve_meta_disable_title":"","footnotes":""},"categories":[268,270],"tags":[],"ppma_author":[227,433],"class_list":["post-19180","post","type-post","status-publish","format-standard","has-post-thumbnail","hentry","category-artiklar","category-webbtidning"],"yoast_head":"<!-- This site is optimized with the Yoast SEO plugin v26.7 - https:\/\/yoast.com\/wordpress\/plugins\/seo\/ -->\n<title>Kampanj f\u00f6r att r\u00e4dda Queerhistoriens v\u00e4nners webbplats - Sateenkaari\u00adhistorian yst\u00e4v\u00e4t<\/title>\n<meta name=\"description\" content=\"M\u00e5let med kampanjen R\u00e4dda Queerhistoriens v\u00e4nners webbplats \u00e4r att samla in 10 000 \u20ac s\u00e5 att vi kan uppdatera webbplatsen till en b\u00e4ttre fungerande teknisk plattform.\" \/>\n<meta name=\"robots\" content=\"index, follow, max-snippet:-1, max-image-preview:large, max-video-preview:-1\" \/>\n<link rel=\"canonical\" href=\"https:\/\/sateenkaarihistoria.fi\/sv\/kampanj-for-att-radda-queerhistoriens-vanners-webbplats\/\" \/>\n<meta property=\"og:locale\" content=\"sv_SE\" \/>\n<meta property=\"og:type\" content=\"article\" \/>\n<meta property=\"og:title\" content=\"Kampanj f\u00f6r att r\u00e4dda Queerhistoriens v\u00e4nners webbplats - Sateenkaari\u00adhistorian yst\u00e4v\u00e4t\" \/>\n<meta property=\"og:description\" content=\"M\u00e5let med kampanjen R\u00e4dda Queerhistoriens v\u00e4nners webbplats \u00e4r att samla in 10 000 \u20ac s\u00e5 att vi kan uppdatera webbplatsen till en b\u00e4ttre fungerande teknisk plattform.\" \/>\n<meta property=\"og:url\" content=\"https:\/\/sateenkaarihistoria.fi\/sv\/kampanj-for-att-radda-queerhistoriens-vanners-webbplats\/\" \/>\n<meta property=\"og:site_name\" content=\"Sateenkaari\u00adhistorian yst\u00e4v\u00e4t\" \/>\n<meta property=\"article:publisher\" content=\"https:\/\/www.facebook.com\/sateenkaarihistoria\" \/>\n<meta property=\"article:published_time\" content=\"2026-04-27T15:17:33+00:00\" \/>\n<meta property=\"article:modified_time\" content=\"2026-04-28T04:23:26+00:00\" \/>\n<meta property=\"og:image\" content=\"https:\/\/sateenkaarihistoria.fi\/wp-content\/uploads\/2020\/10\/header_bg_02.jpg\" \/>\n\t<meta property=\"og:image:width\" content=\"4000\" \/>\n\t<meta property=\"og:image:height\" content=\"318\" \/>\n\t<meta property=\"og:image:type\" content=\"image\/jpeg\" \/>\n<meta name=\"author\" content=\"Sateenkaarihistorian yst\u00e4v\u00e4t ry, Queerhistoriens v\u00e4nner\" \/>\n<meta name=\"twitter:card\" content=\"summary_large_image\" \/>\n<meta name=\"twitter:label1\" content=\"Skriven av\" \/>\n\t<meta name=\"twitter:data1\" content=\"Sateenkaarihistorian yst\u00e4v\u00e4t ry\" \/>\n\t<meta name=\"twitter:label2\" content=\"Ber\u00e4knad l\u00e4stid\" \/>\n\t<meta name=\"twitter:data2\" content=\"2 minuter\" \/>\n<script type=\"application\/ld+json\" class=\"yoast-schema-graph\">{\"@context\":\"https:\/\/schema.org\",\"@graph\":[{\"@type\":\"Article\",\"@id\":\"https:\/\/sateenkaarihistoria.fi\/sv\/kampanj-for-att-radda-queerhistoriens-vanners-webbplats\/#article\",\"isPartOf\":{\"@id\":\"https:\/\/sateenkaarihistoria.fi\/sv\/kampanj-for-att-radda-queerhistoriens-vanners-webbplats\/\"},\"author\":{\"name\":\"Sateenkaarihistorian yst\u00e4v\u00e4t ry\",\"@id\":\"https:\/\/sateenkaarihistoria.fi\/#\/schema\/person\/6853082bd940a5b5f738cbb9bbb9b3e5\"},\"headline\":\"Kampanj f\u00f6r att r\u00e4dda Queerhistoriens v\u00e4nners webbplats\",\"datePublished\":\"2026-04-27T15:17:33+00:00\",\"dateModified\":\"2026-04-28T04:23:26+00:00\",\"mainEntityOfPage\":{\"@id\":\"https:\/\/sateenkaarihistoria.fi\/sv\/kampanj-for-att-radda-queerhistoriens-vanners-webbplats\/\"},\"wordCount\":294,\"publisher\":{\"@id\":\"https:\/\/sateenkaarihistoria.fi\/#organization\"},\"image\":{\"@id\":\"https:\/\/sateenkaarihistoria.fi\/sv\/kampanj-for-att-radda-queerhistoriens-vanners-webbplats\/#primaryimage\"},\"thumbnailUrl\":\"https:\/\/sateenkaarihistoria.fi\/wp-content\/uploads\/2020\/10\/header_bg_02.jpg\",\"articleSection\":[\"Artiklar\",\"Webbtidning\"],\"inLanguage\":\"sv-SE\"},{\"@type\":\"WebPage\",\"@id\":\"https:\/\/sateenkaarihistoria.fi\/sv\/kampanj-for-att-radda-queerhistoriens-vanners-webbplats\/\",\"url\":\"https:\/\/sateenkaarihistoria.fi\/sv\/kampanj-for-att-radda-queerhistoriens-vanners-webbplats\/\",\"name\":\"Kampanj f\u00f6r att r\u00e4dda Queerhistoriens v\u00e4nners webbplats - Sateenkaari\u00adhistorian yst\u00e4v\u00e4t\",\"isPartOf\":{\"@id\":\"https:\/\/sateenkaarihistoria.fi\/#website\"},\"primaryImageOfPage\":{\"@id\":\"https:\/\/sateenkaarihistoria.fi\/sv\/kampanj-for-att-radda-queerhistoriens-vanners-webbplats\/#primaryimage\"},\"image\":{\"@id\":\"https:\/\/sateenkaarihistoria.fi\/sv\/kampanj-for-att-radda-queerhistoriens-vanners-webbplats\/#primaryimage\"},\"thumbnailUrl\":\"https:\/\/sateenkaarihistoria.fi\/wp-content\/uploads\/2020\/10\/header_bg_02.jpg\",\"datePublished\":\"2026-04-27T15:17:33+00:00\",\"dateModified\":\"2026-04-28T04:23:26+00:00\",\"description\":\"M\u00e5let med kampanjen R\u00e4dda Queerhistoriens v\u00e4nners webbplats \u00e4r att samla in 10 000 \u20ac s\u00e5 att vi kan uppdatera webbplatsen till en b\u00e4ttre fungerande teknisk plattform.\",\"breadcrumb\":{\"@id\":\"https:\/\/sateenkaarihistoria.fi\/sv\/kampanj-for-att-radda-queerhistoriens-vanners-webbplats\/#breadcrumb\"},\"inLanguage\":\"sv-SE\",\"potentialAction\":[{\"@type\":\"ReadAction\",\"target\":[\"https:\/\/sateenkaarihistoria.fi\/sv\/kampanj-for-att-radda-queerhistoriens-vanners-webbplats\/\"]}]},{\"@type\":\"ImageObject\",\"inLanguage\":\"sv-SE\",\"@id\":\"https:\/\/sateenkaarihistoria.fi\/sv\/kampanj-for-att-radda-queerhistoriens-vanners-webbplats\/#primaryimage\",\"url\":\"https:\/\/sateenkaarihistoria.fi\/wp-content\/uploads\/2020\/10\/header_bg_02.jpg\",\"contentUrl\":\"https:\/\/sateenkaarihistoria.fi\/wp-content\/uploads\/2020\/10\/header_bg_02.jpg\",\"width\":4000,\"height\":318},{\"@type\":\"BreadcrumbList\",\"@id\":\"https:\/\/sateenkaarihistoria.fi\/sv\/kampanj-for-att-radda-queerhistoriens-vanners-webbplats\/#breadcrumb\",\"itemListElement\":[{\"@type\":\"ListItem\",\"position\":1,\"name\":\"Etusivu\",\"item\":\"https:\/\/sateenkaarihistoria.fi\/sv\/\"},{\"@type\":\"ListItem\",\"position\":2,\"name\":\"Kampanj f\u00f6r att r\u00e4dda Queerhistoriens v\u00e4nners webbplats\"}]},{\"@type\":\"WebSite\",\"@id\":\"https:\/\/sateenkaarihistoria.fi\/#website\",\"url\":\"https:\/\/sateenkaarihistoria.fi\/\",\"name\":\"Sateenkaari\u00adhistorian yst\u00e4v\u00e4t\",\"description\":\"Suomalaisen sateenkaarihistorian verkkopalvelu, joka kokoaa yhteen l\u00e4hteit\u00e4, aineistoja ja tietoa queer-historiasta, transhistoriasta, sukupuoliv\u00e4hemmist\u00f6jen ja seksuaaliv\u00e4hemmist\u00f6jen historiasta sek\u00e4 niiden tutkimuksesta.\",\"publisher\":{\"@id\":\"https:\/\/sateenkaarihistoria.fi\/#organization\"},\"potentialAction\":[{\"@type\":\"SearchAction\",\"target\":{\"@type\":\"EntryPoint\",\"urlTemplate\":\"https:\/\/sateenkaarihistoria.fi\/?s={search_term_string}\"},\"query-input\":{\"@type\":\"PropertyValueSpecification\",\"valueRequired\":true,\"valueName\":\"search_term_string\"}}],\"inLanguage\":\"sv-SE\"},{\"@type\":\"Organization\",\"@id\":\"https:\/\/sateenkaarihistoria.fi\/#organization\",\"name\":\"Sateenkaarihistorian yst\u00e4v\u00e4t\",\"url\":\"https:\/\/sateenkaarihistoria.fi\/\",\"logo\":{\"@type\":\"ImageObject\",\"inLanguage\":\"sv-SE\",\"@id\":\"https:\/\/sateenkaarihistoria.fi\/#\/schema\/logo\/image\/\",\"url\":\"https:\/\/i0.wp.com\/sateenkaarihistoria.fi\/wp-content\/uploads\/2021\/12\/SHY-logo_250x169.jpg?fit=250%2C169&ssl=1\",\"contentUrl\":\"https:\/\/i0.wp.com\/sateenkaarihistoria.fi\/wp-content\/uploads\/2021\/12\/SHY-logo_250x169.jpg?fit=250%2C169&ssl=1\",\"width\":250,\"height\":169,\"caption\":\"Sateenkaarihistorian yst\u00e4v\u00e4t\"},\"image\":{\"@id\":\"https:\/\/sateenkaarihistoria.fi\/#\/schema\/logo\/image\/\"},\"sameAs\":[\"https:\/\/www.facebook.com\/sateenkaarihistoria\",\"https:\/\/instagram.com\/sateenkaarihistoria\"]},{\"@type\":\"Person\",\"@id\":\"https:\/\/sateenkaarihistoria.fi\/#\/schema\/person\/6853082bd940a5b5f738cbb9bbb9b3e5\",\"name\":\"Sateenkaarihistorian yst\u00e4v\u00e4t ry\",\"image\":{\"@type\":\"ImageObject\",\"inLanguage\":\"sv-SE\",\"@id\":\"https:\/\/sateenkaarihistoria.fi\/#\/schema\/person\/image\/6eb38bf76e49fe90be850eed0aa2a6c4\",\"url\":\"https:\/\/secure.gravatar.com\/avatar\/c15ee6900c9e363a7d7e05e8146ee90a1965febf5f79c4582bd81c3f21df1515?s=96&d=mm&r=g\",\"contentUrl\":\"https:\/\/secure.gravatar.com\/avatar\/c15ee6900c9e363a7d7e05e8146ee90a1965febf5f79c4582bd81c3f21df1515?s=96&d=mm&r=g\",\"caption\":\"Sateenkaarihistorian yst\u00e4v\u00e4t ry\"},\"url\":\"https:\/\/sateenkaarihistoria.fi\/sv\/author\/shy\/\"}]}<\/script>\n<!-- \/ Yoast SEO plugin. -->","yoast_head_json":{"title":"Kampanj f\u00f6r att r\u00e4dda Queerhistoriens v\u00e4nners webbplats - Sateenkaari\u00adhistorian yst\u00e4v\u00e4t","description":"M\u00e5let med kampanjen R\u00e4dda Queerhistoriens v\u00e4nners webbplats \u00e4r att samla in 10 000 \u20ac s\u00e5 att vi kan uppdatera webbplatsen till en b\u00e4ttre fungerande teknisk plattform.","robots":{"index":"index","follow":"follow","max-snippet":"max-snippet:-1","max-image-preview":"max-image-preview:large","max-video-preview":"max-video-preview:-1"},"canonical":"https:\/\/sateenkaarihistoria.fi\/sv\/kampanj-for-att-radda-queerhistoriens-vanners-webbplats\/","og_locale":"sv_SE","og_type":"article","og_title":"Kampanj f\u00f6r att r\u00e4dda Queerhistoriens v\u00e4nners webbplats - Sateenkaari\u00adhistorian yst\u00e4v\u00e4t","og_description":"M\u00e5let med kampanjen R\u00e4dda Queerhistoriens v\u00e4nners webbplats \u00e4r att samla in 10 000 \u20ac s\u00e5 att vi kan uppdatera webbplatsen till en b\u00e4ttre fungerande teknisk plattform.","og_url":"https:\/\/sateenkaarihistoria.fi\/sv\/kampanj-for-att-radda-queerhistoriens-vanners-webbplats\/","og_site_name":"Sateenkaari\u00adhistorian yst\u00e4v\u00e4t","article_publisher":"https:\/\/www.facebook.com\/sateenkaarihistoria","article_published_time":"2026-04-27T15:17:33+00:00","article_modified_time":"2026-04-28T04:23:26+00:00","og_image":[{"width":4000,"height":318,"url":"https:\/\/sateenkaarihistoria.fi\/wp-content\/uploads\/2020\/10\/header_bg_02.jpg","type":"image\/jpeg"}],"author":"Sateenkaarihistorian yst\u00e4v\u00e4t ry, Queerhistoriens v\u00e4nner","twitter_card":"summary_large_image","twitter_misc":{"Skriven av":"Sateenkaarihistorian yst\u00e4v\u00e4t ry","Ber\u00e4knad l\u00e4stid":"2 minuter"},"schema":{"@context":"https:\/\/schema.org","@graph":[{"@type":"Article","@id":"https:\/\/sateenkaarihistoria.fi\/sv\/kampanj-for-att-radda-queerhistoriens-vanners-webbplats\/#article","isPartOf":{"@id":"https:\/\/sateenkaarihistoria.fi\/sv\/kampanj-for-att-radda-queerhistoriens-vanners-webbplats\/"},"author":{"name":"Sateenkaarihistorian yst\u00e4v\u00e4t ry","@id":"https:\/\/sateenkaarihistoria.fi\/#\/schema\/person\/6853082bd940a5b5f738cbb9bbb9b3e5"},"headline":"Kampanj f\u00f6r att r\u00e4dda Queerhistoriens v\u00e4nners webbplats","datePublished":"2026-04-27T15:17:33+00:00","dateModified":"2026-04-28T04:23:26+00:00","mainEntityOfPage":{"@id":"https:\/\/sateenkaarihistoria.fi\/sv\/kampanj-for-att-radda-queerhistoriens-vanners-webbplats\/"},"wordCount":294,"publisher":{"@id":"https:\/\/sateenkaarihistoria.fi\/#organization"},"image":{"@id":"https:\/\/sateenkaarihistoria.fi\/sv\/kampanj-for-att-radda-queerhistoriens-vanners-webbplats\/#primaryimage"},"thumbnailUrl":"https:\/\/sateenkaarihistoria.fi\/wp-content\/uploads\/2020\/10\/header_bg_02.jpg","articleSection":["Artiklar","Webbtidning"],"inLanguage":"sv-SE"},{"@type":"WebPage","@id":"https:\/\/sateenkaarihistoria.fi\/sv\/kampanj-for-att-radda-queerhistoriens-vanners-webbplats\/","url":"https:\/\/sateenkaarihistoria.fi\/sv\/kampanj-for-att-radda-queerhistoriens-vanners-webbplats\/","name":"Kampanj f\u00f6r att r\u00e4dda Queerhistoriens v\u00e4nners webbplats - Sateenkaari\u00adhistorian yst\u00e4v\u00e4t","isPartOf":{"@id":"https:\/\/sateenkaarihistoria.fi\/#website"},"primaryImageOfPage":{"@id":"https:\/\/sateenkaarihistoria.fi\/sv\/kampanj-for-att-radda-queerhistoriens-vanners-webbplats\/#primaryimage"},"image":{"@id":"https:\/\/sateenkaarihistoria.fi\/sv\/kampanj-for-att-radda-queerhistoriens-vanners-webbplats\/#primaryimage"},"thumbnailUrl":"https:\/\/sateenkaarihistoria.fi\/wp-content\/uploads\/2020\/10\/header_bg_02.jpg","datePublished":"2026-04-27T15:17:33+00:00","dateModified":"2026-04-28T04:23:26+00:00","description":"M\u00e5let med kampanjen R\u00e4dda Queerhistoriens v\u00e4nners webbplats \u00e4r att samla in 10 000 \u20ac s\u00e5 att vi kan uppdatera webbplatsen till en b\u00e4ttre fungerande teknisk plattform.","breadcrumb":{"@id":"https:\/\/sateenkaarihistoria.fi\/sv\/kampanj-for-att-radda-queerhistoriens-vanners-webbplats\/#breadcrumb"},"inLanguage":"sv-SE","potentialAction":[{"@type":"ReadAction","target":["https:\/\/sateenkaarihistoria.fi\/sv\/kampanj-for-att-radda-queerhistoriens-vanners-webbplats\/"]}]},{"@type":"ImageObject","inLanguage":"sv-SE","@id":"https:\/\/sateenkaarihistoria.fi\/sv\/kampanj-for-att-radda-queerhistoriens-vanners-webbplats\/#primaryimage","url":"https:\/\/sateenkaarihistoria.fi\/wp-content\/uploads\/2020\/10\/header_bg_02.jpg","contentUrl":"https:\/\/sateenkaarihistoria.fi\/wp-content\/uploads\/2020\/10\/header_bg_02.jpg","width":4000,"height":318},{"@type":"BreadcrumbList","@id":"https:\/\/sateenkaarihistoria.fi\/sv\/kampanj-for-att-radda-queerhistoriens-vanners-webbplats\/#breadcrumb","itemListElement":[{"@type":"ListItem","position":1,"name":"Etusivu","item":"https:\/\/sateenkaarihistoria.fi\/sv\/"},{"@type":"ListItem","position":2,"name":"Kampanj f\u00f6r att r\u00e4dda Queerhistoriens v\u00e4nners webbplats"}]},{"@type":"WebSite","@id":"https:\/\/sateenkaarihistoria.fi\/#website","url":"https:\/\/sateenkaarihistoria.fi\/","name":"Sateenkaari\u00adhistorian yst\u00e4v\u00e4t","description":"Suomalaisen sateenkaarihistorian verkkopalvelu, joka kokoaa yhteen l\u00e4hteit\u00e4, aineistoja ja tietoa queer-historiasta, transhistoriasta, sukupuoliv\u00e4hemmist\u00f6jen ja seksuaaliv\u00e4hemmist\u00f6jen historiasta sek\u00e4 niiden tutkimuksesta.","publisher":{"@id":"https:\/\/sateenkaarihistoria.fi\/#organization"},"potentialAction":[{"@type":"SearchAction","target":{"@type":"EntryPoint","urlTemplate":"https:\/\/sateenkaarihistoria.fi\/?s={search_term_string}"},"query-input":{"@type":"PropertyValueSpecification","valueRequired":true,"valueName":"search_term_string"}}],"inLanguage":"sv-SE"},{"@type":"Organization","@id":"https:\/\/sateenkaarihistoria.fi\/#organization","name":"Sateenkaarihistorian yst\u00e4v\u00e4t","url":"https:\/\/sateenkaarihistoria.fi\/","logo":{"@type":"ImageObject","inLanguage":"sv-SE","@id":"https:\/\/sateenkaarihistoria.fi\/#\/schema\/logo\/image\/","url":"https:\/\/i0.wp.com\/sateenkaarihistoria.fi\/wp-content\/uploads\/2021\/12\/SHY-logo_250x169.jpg?fit=250%2C169&ssl=1","contentUrl":"https:\/\/i0.wp.com\/sateenkaarihistoria.fi\/wp-content\/uploads\/2021\/12\/SHY-logo_250x169.jpg?fit=250%2C169&ssl=1","width":250,"height":169,"caption":"Sateenkaarihistorian yst\u00e4v\u00e4t"},"image":{"@id":"https:\/\/sateenkaarihistoria.fi\/#\/schema\/logo\/image\/"},"sameAs":["https:\/\/www.facebook.com\/sateenkaarihistoria","https:\/\/instagram.com\/sateenkaarihistoria"]},{"@type":"Person","@id":"https:\/\/sateenkaarihistoria.fi\/#\/schema\/person\/6853082bd940a5b5f738cbb9bbb9b3e5","name":"Sateenkaarihistorian yst\u00e4v\u00e4t ry","image":{"@type":"ImageObject","inLanguage":"sv-SE","@id":"https:\/\/sateenkaarihistoria.fi\/#\/schema\/person\/image\/6eb38bf76e49fe90be850eed0aa2a6c4","url":"https:\/\/secure.gravatar.com\/avatar\/c15ee6900c9e363a7d7e05e8146ee90a1965febf5f79c4582bd81c3f21df1515?s=96&d=mm&r=g","contentUrl":"https:\/\/secure.gravatar.com\/avatar\/c15ee6900c9e363a7d7e05e8146ee90a1965febf5f79c4582bd81c3f21df1515?s=96&d=mm&r=g","caption":"Sateenkaarihistorian yst\u00e4v\u00e4t ry"},"url":"https:\/\/sateenkaarihistoria.fi\/sv\/author\/shy\/"}]}},"taxonomy_info":{"category":[{"value":268,"label":"Artiklar"},{"value":270,"label":"Webbtidning"}]},"featured_image_src_large":["https:\/\/sateenkaarihistoria.fi\/wp-content\/uploads\/2020\/10\/header_bg_02.jpg",1200,95,false],"author_info":{"display_name":"Sateenkaarihistorian yst\u00e4v\u00e4t ry","author_link":"https:\/\/sateenkaarihistoria.fi\/sv\/author\/shy\/"},"comment_info":0,"category_info":[{"term_id":268,"name":"Artiklar","slug":"artiklar","term_group":0,"term_taxonomy_id":268,"taxonomy":"category","description":"","parent":270,"count":8,"filter":"raw","cat_ID":268,"category_count":8,"category_description":"","cat_name":"Artiklar","category_nicename":"artiklar","category_parent":270},{"term_id":270,"name":"Webbtidning","slug":"webbtidning","term_group":0,"term_taxonomy_id":270,"taxonomy":"category","description":"","parent":0,"count":23,"filter":"raw","cat_ID":270,"category_count":23,"category_description":"","cat_name":"Webbtidning","category_nicename":"webbtidning","category_parent":0}],"tag_info":false,"authors":[{"term_id":227,"user_id":27,"is_guest":0,"slug":"shy","display_name":"Sateenkaarihistorian yst\u00e4v\u00e4t ry","avatar_url":"https:\/\/secure.gravatar.com\/avatar\/c15ee6900c9e363a7d7e05e8146ee90a1965febf5f79c4582bd81c3f21df1515?s=96&d=mm&r=g","author_category":"","user_url":"","last_name":"","first_name":"Sateenkaarihistorian yst\u00e4v\u00e4t ry","job_title":"","description":""},{"term_id":433,"user_id":0,"is_guest":1,"slug":"queerhistoriens-vanner","display_name":"Queerhistoriens v\u00e4nner","avatar_url":"https:\/\/secure.gravatar.com\/avatar\/?s=96&d=mm&r=g","author_category":"","user_url":"","last_name":"","first_name":"","job_title":"","description":""}],"_links":{"self":[{"href":"https:\/\/sateenkaarihistoria.fi\/sv\/wp-json\/wp\/v2\/posts\/19180","targetHints":{"allow":["GET"]}}],"collection":[{"href":"https:\/\/sateenkaarihistoria.fi\/sv\/wp-json\/wp\/v2\/posts"}],"about":[{"href":"https:\/\/sateenkaarihistoria.fi\/sv\/wp-json\/wp\/v2\/types\/post"}],"author":[{"embeddable":true,"href":"https:\/\/sateenkaarihistoria.fi\/sv\/wp-json\/wp\/v2\/users\/27"}],"replies":[{"embeddable":true,"href":"https:\/\/sateenkaarihistoria.fi\/sv\/wp-json\/wp\/v2\/comments?post=19180"}],"version-history":[{"count":6,"href":"https:\/\/sateenkaarihistoria.fi\/sv\/wp-json\/wp\/v2\/posts\/19180\/revisions"}],"predecessor-version":[{"id":19210,"href":"https:\/\/sateenkaarihistoria.fi\/sv\/wp-json\/wp\/v2\/posts\/19180\/revisions\/19210"}],"wp:featuredmedia":[{"embeddable":true,"href":"https:\/\/sateenkaarihistoria.fi\/sv\/wp-json\/wp\/v2\/media\/1602"}],"wp:attachment":[{"href":"https:\/\/sateenkaarihistoria.fi\/sv\/wp-json\/wp\/v2\/media?parent=19180"}],"wp:term":[{"taxonomy":"category","embeddable":true,"href":"https:\/\/sateenkaarihistoria.fi\/sv\/wp-json\/wp\/v2\/categories?post=19180"},{"taxonomy":"post_tag","embeddable":true,"href":"https:\/\/sateenkaarihistoria.fi\/sv\/wp-json\/wp\/v2\/tags?post=19180"},{"taxonomy":"author","embeddable":true,"href":"https:\/\/sateenkaarihistoria.fi\/sv\/wp-json\/wp\/v2\/ppma_author?post=19180"}],"curies":[{"name":"wp","href":"https:\/\/api.w.org\/{rel}","templated":true}]}}